{"id":78,"date":"2026-02-18T08:22:35","date_gmt":"2026-02-18T07:22:35","guid":{"rendered":"https:\/\/www.dychajsam.sk\/?p=78"},"modified":"2026-02-18T09:00:29","modified_gmt":"2026-02-18T08:00:29","slug":"%f0%9f%92%99-darujme-slobodu-pohybu-pre-adamka-%f0%9f%8e%81-prispej-a-vyhraj-hodnotne-ceny","status":"publish","type":"post","link":"https:\/\/www.dychajsam.sk\/?p=78","title":{"rendered":"\ud83d\udc99 DARUJME SLOBODU POHYBU PRE ADAMKA \ud83c\udf81 PRISPEJ A VYHRAJ HODNOTN\u00c9 CENY"},"content":{"rendered":"\n<p>Adamko m\u00e1 9 rokov. Kv\u00f4li \u0165a\u017ekej diagn\u00f3ze sa pohybuje na voz\u00edku. Napriek svojmu hendikepu je usmievav\u00fd chlapec pln\u00fd chuti do \u017eivota. Ka\u017edodenn\u00e9 cvi\u010denie je pre neho nevyhnutn\u00e9 &#8211; pom\u00e1ha mu posil\u0148ova\u0165 svaly, zlep\u0161ova\u0165 stabilitu a robi\u0165 mal\u00e9, ale d\u00f4le\u017eit\u00e9 kroky vpred.&nbsp;<\/p>\n\n\n\n<p>\ud83c\udfaf Cie\u013eom verejnej zbierky je zak\u00fapenie \u0161peci\u00e1lnej fyzioterapeutickej pom\u00f4cky (Pragma System), ktor\u00e1 Adamkovi umo\u017en\u00ed akt\u00edvny pohyb aj v dom\u00e1com prostred\u00ed a prispeje k jeho v\u00e4\u010d\u0161ej samostatnosti.&nbsp;<\/p>\n\n\n\n<p>AKO SA M\u00d4\u017dETE ZAPOJI\u0164?<\/p>\n\n\n\n<p>\ud83d\udc49 Finan\u010dn\u00fdm pr\u00edspevkom m\u00f4\u017eete pom\u00f4c\u0165 od febru\u00e1ra do 19. marca<br>&nbsp;prostredn\u00edctvom \u00fa\u010dtu:<br>&nbsp;SK96 0900 0000 0052 4357 6357&nbsp;<\/p>\n\n\n\n<p>Ak sa chcete zapoji\u0165 do \u017erebovania o hodnotn\u00e9 ceny,<br>&nbsp;pros\u00edme, aby ste do pozn\u00e1mky k platbe uviedli svoje meno a telef\u00f3nne \u010d\u00edslo.&nbsp;<\/p>\n\n\n\n<p>Po ukon\u010den\u00ed zbierky vylosujeme troch \u0161\u0165astn\u00fdch v\u00fdhercov, ktor\u00ed z\u00edskaj\u00fa:&nbsp;<\/p>\n\n\n\n<p>1 x podp\u00edsan\u00fd dres od FC DAC&nbsp;<\/p>\n\n\n\n<p>1 x podp\u00edsan\u00fd dres od HC DAC&nbsp;<\/p>\n\n\n\n<p>1x hodnotn\u00e9 umeleck\u00e9 dielo od p\u00e1na B\u00e9la Ferdics&nbsp;<\/p>\n\n\n\n<p>\ud83d\udc49 Mo\u017enos\u0165 osobn\u00e9ho darovania<br>&nbsp;D\u0148a &nbsp;19. 3. 2026<br>&nbsp;na Burze pr\u00e1ce v MOL Ar\u00e9ne,<br>&nbsp;kde bude pripraven\u00e1 zbierkov\u00e1 pokladni\u010dka.&nbsp;<\/p>\n\n\n\n<p>Trvanie zbierky: do 19. 3. 2026&nbsp;<\/p>\n\n\n\n<p>\ud83d\udc99 Ka\u017ed\u00fd pr\u00edspevok sa po\u010d\u00edta. Aj ten najmen\u0161\u00ed.<br>Pom\u00e1hate Adamkovi na ceste k lep\u0161ej kvalite \u017eivota.<br>\u010eakujeme, \u017ee pom\u00e1hate \ud83d\udc99&nbsp;<\/p>\n\n\n\n<p>Verejn\u00e1 zbierka vznikla v spolupr\u00e1ci &#8211; \u00daradu pr\u00e1ce, soci\u00e1lnych vec\u00ed a rodiny v Dunajskej Strede, D\u00fdchaj s\u00e1m &#8211; Adam M\u00e9ry a klubu DAC 1904.<br>Registra\u010dn\u00e9 \u010d\u00edslo zbierky: 210-2026-010891 O\u00da Dun.Streda<\/p>\n\n\n\n<p><\/p>\n\n\n\n<div class=\"wp-block-columns is-layout-flex wp-container-core-columns-is-layout-28f84493 wp-block-columns-is-layout-flex\">\n<div class=\"wp-block-column is-layout-flow wp-block-column-is-layout-flow\">\n<div class=\"wp-block-buttons is-layout-flex wp-block-buttons-is-layout-flex\">\n<div class=\"wp-block-button\"><a class=\"wp-block-button__link wp-element-button\" href=\"https:\/\/www.dychajsam.sk\/wp-content\/uploads\/2026\/02\/ZAPISNICA.pdf\">Z\u00e1pisnica<\/a><\/div>\n<\/div>\n<\/div>\n\n\n\n<div class=\"wp-block-column is-layout-flow wp-block-column-is-layout-flow\">\n<div class=\"wp-block-buttons is-layout-flex wp-block-buttons-is-layout-flex\">\n<div class=\"wp-block-button\"><a class=\"wp-block-button__link wp-element-button\" href=\"https:\/\/www.dychajsam.sk\/wp-content\/uploads\/2026\/02\/1770918667457-299da7d8-ae75-48d1-b38f-735f16b8eef7_-scaled.jpg\">Rozhodnutie<\/a><\/div>\n<\/div>\n<\/div>\n<\/div>\n\n\n\n<p><\/p>\n","protected":false},"excerpt":{"rendered":"<p>Adamko m\u00e1 9 rokov. Kv\u00f4li \u0165a\u017ekej diagn\u00f3ze sa pohybuje na voz\u00edku. Napriek svojmu hendikepu je usmievav\u00fd chlapec pln\u00fd chuti do \u017eivota. Ka\u017edodenn\u00e9 cvi\u010denie je pre neho nevyhnutn\u00e9 &#8211; pom\u00e1ha mu posil\u0148ova\u0165 svaly, zlep\u0161ova\u0165 stabilitu a robi\u0165 mal\u00e9, ale d\u00f4le\u017eit\u00e9 kroky vpred.\u00a0<\/p>\n","protected":false},"author":1,"featured_media":79,"comment_status":"closed","ping_status":"closed","sticky":false,"template":"","format":"standard","meta":{"inline_featured_image":false,"footnotes":""},"categories":[1],"tags":[],"class_list":["post-78","post","type-post","status-publish","format-standard","has-post-thumbnail","hentry","category-nezaradene"],"_links":{"self":[{"href":"https:\/\/www.dychajsam.sk\/index.php?rest_route=\/wp\/v2\/posts\/78","targetHints":{"allow":["GET"]}}],"collection":[{"href":"https:\/\/www.dychajsam.sk\/index.php?rest_route=\/wp\/v2\/posts"}],"about":[{"href":"https:\/\/www.dychajsam.sk\/index.php?rest_route=\/wp\/v2\/types\/post"}],"author":[{"embeddable":true,"href":"https:\/\/www.dychajsam.sk\/index.php?rest_route=\/wp\/v2\/users\/1"}],"replies":[{"embeddable":true,"href":"https:\/\/www.dychajsam.sk\/index.php?rest_route=%2Fwp%2Fv2%2Fcomments&post=78"}],"version-history":[{"count":7,"href":"https:\/\/www.dychajsam.sk\/index.php?rest_route=\/wp\/v2\/posts\/78\/revisions"}],"predecessor-version":[{"id":117,"href":"https:\/\/www.dychajsam.sk\/index.php?rest_route=\/wp\/v2\/posts\/78\/revisions\/117"}],"wp:featuredmedia":[{"embeddable":true,"href":"https:\/\/www.dychajsam.sk\/index.php?rest_route=\/wp\/v2\/media\/79"}],"wp:attachment":[{"href":"https:\/\/www.dychajsam.sk\/index.php?rest_route=%2Fwp%2Fv2%2Fmedia&parent=78"}],"wp:term":[{"taxonomy":"category","embeddable":true,"href":"https:\/\/www.dychajsam.sk\/index.php?rest_route=%2Fwp%2Fv2%2Fcategories&post=78"},{"taxonomy":"post_tag","embeddable":true,"href":"https:\/\/www.dychajsam.sk\/index.php?rest_route=%2Fwp%2Fv2%2Ftags&post=78"}],"curies":[{"name":"wp","href":"https:\/\/api.w.org\/{rel}","templated":true}]}}